{"id":110,"date":"2012-03-18T06:46:36","date_gmt":"2012-03-18T06:46:36","guid":{"rendered":"http:\/\/filderbahnhof.net\/wordpress\/?p=110"},"modified":"2012-03-18T06:46:36","modified_gmt":"2012-03-18T06:46:36","slug":"bundnispartner-gesucht","status":"publish","type":"post","link":"http:\/\/filderbahnhof.net\/wordpress\/bundnispartner-gesucht\/","title":{"rendered":"B\u00fcndnispartner gesucht!"},"content":{"rendered":"<p>Sehr geehrte Damen und Herren,<\/p>\n<p>unter dem Titel &#8222;Filderbahnhof Vaihingen&#8220; haben Vaihinger B\u00fcrgerinnen und B\u00fcrger ein Konzept daf\u00fcr erarbeitet, wie ein Vaihinger Bahnhof mit Regional-Express-Halt aussehen k\u00f6nnte. In diesem Rahmen ist in Zusammenarbeit mit dem Kreisverband Stuttgart des VCD (Verkehrsclub Deutschland) ein Flyer entstanden, der bereits im September 2011 verteilt wurde. Die Ideen wurden ferner bei einer gut be suchten Diskussionsveranstaltung mit dem renommierten Bahn Experten Prof. Bodack und J\u00f6rg Dittmann vom VCD am 21. Oktober 2011 in der alten Kelter in Stuttgart-Vaihingen vorgestellt.<\/p>\n<p>Um die \u00d6ffentlichkeit und die Politik auf die gute Idee eines Regional-Express-Halts in Stuttgart-Vaihingen aufmerksam zu machen, sind wir momentan auf der Suche nach Partnern, die unser Konzept &#8218;Filderbahnhof Vaihingen&#8216; unterst\u00fctzen. Unser Ziel ist es, ein m\u00f6glichst breites B\u00fcndnis f\u00fcr einen Regional-Express-Halt in Stuttgart-Vaihingen zu bilden. In einem ersten Schritt ist die Einrichtung einer Inter-netseite und eine gemeinsame Presseerkl\u00e4rung aller B\u00fcndnispartner geplant. Zu diesem Zweck wurde bereits die Domain filderbahnhof.net registriert.<\/p>\n<p>Wie Sie dem beigelegten\/angeh\u00e4ngten Flyer entnehmen k\u00f6nnen, gibt es viele gute Gr\u00fcnde, den Vaihinger Bahnhof zum Filderbahnhof Vaihingen mit Regional-Express-Halt auszubauen.<\/p>\n<p>Vaihingen ist mit der U-Bahn, der S-Bahn und dem Bus bereits heute ein Verkehrsknotenpunkt im Nahverkehr. Damit ist der Vaihinger Bahnhof geradezu pr\u00e4destiniert f\u00fcr den Ausbau zum Regionalknoten im Schienenverkehr. Investitionen in den Filderbahnhof Vaihingen nutzen \u00fcber 50.000 Menschen, die von Bus und Stadtbahn in den schnellen Regionalverkehr umsteigen k\u00f6nnen. Mehr als 20.000 Arbeitspl\u00e4tze w\u00e4ren dann zu Fu\u00df oder mit dem Fahrrad direkt an diesen Bahnhof angebunden. Menschen aus den Filder-Stadtteilen k\u00f6nnen direkt vom Filderbahnhof (auch mit dem Fahrrad) den Schwarzwald, die Alb oder den Bodensee besuchen.<\/p>\n<p>Deswegen hoffen wir Sie f\u00fcr unsere Idee zu gewinnen! Werden Sie Teil des B\u00fcndnisses und unterst\u00fctzen Sie den Regional-Express-Halt in Stuttgart-Vaihingen! Bitte senden Sie uns Ihre Zustimmung, Ihren Namen\/Ihr Logo unter den Unterst\u00fctzern auf der Internetseite ver\u00f6ffentlichen zu d\u00fcrfen.<\/p>\n<p>Herzliche Gr\u00fc\u00dfe<\/p>\n<p>Reinhard K\u00f6nig<\/p>\n<p>Der Brief als PDF: <a href='http:\/\/filderbahnhof.net\/wordpress\/wp-content\/uploads\/brief_buendnispartner.pdf'>brief_buendnispartner.pdf<\/a><\/p>\n","protected":false},"excerpt":{"rendered":"<p>Sehr geehrte Damen und Herren, unter dem Titel &#8222;Filderbahnhof Vaihingen&#8220; haben Vaihinger B\u00fcrgerinnen und B\u00fcrger ein Konzept daf\u00fcr erarbeitet, wie ein Vaihinger Bahnhof mit Regional-Express-Halt aussehen k\u00f6nnte. In diesem Rahmen ist in Zusammenarbeit mit dem Kreisverband Stuttgart des VCD (Verkehrsclub &hellip; <a href=\"http:\/\/filderbahnhof.net\/wordpress\/bundnispartner-gesucht\/\">Weiterlesen <span class=\"meta-nav\">&rarr;<\/span><\/a><\/p>\n","protected":false},"author":1,"featured_media":0,"comment_status":"closed","ping_status":"closed","sticky":false,"template":"","format":"standard","meta":[],"categories":[1],"tags":[],"_links":{"self":[{"href":"http:\/\/filderbahnhof.net\/wordpress\/wp-json\/wp\/v2\/posts\/110"}],"collection":[{"href":"http:\/\/filderbahnhof.net\/wordpress\/wp-json\/wp\/v2\/posts"}],"about":[{"href":"http:\/\/filderbahnhof.net\/wordpress\/wp-json\/wp\/v2\/types\/post"}],"author":[{"embeddable":true,"href":"http:\/\/filderbahnhof.net\/wordpress\/wp-json\/wp\/v2\/users\/1"}],"replies":[{"embeddable":true,"href":"http:\/\/filderbahnhof.net\/wordpress\/wp-json\/wp\/v2\/comments?post=110"}],"version-history":[{"count":7,"href":"http:\/\/filderbahnhof.net\/wordpress\/wp-json\/wp\/v2\/posts\/110\/revisions"}],"predecessor-version":[{"id":167,"href":"http:\/\/filderbahnhof.net\/wordpress\/wp-json\/wp\/v2\/posts\/110\/revisions\/167"}],"wp:attachment":[{"href":"http:\/\/filderbahnhof.net\/wordpress\/wp-json\/wp\/v2\/media?parent=110"}],"wp:term":[{"taxonomy":"category","embeddable":true,"href":"http:\/\/filderbahnhof.net\/wordpress\/wp-json\/wp\/v2\/categories?post=110"},{"taxonomy":"post_tag","embeddable":true,"href":"http:\/\/filderbahnhof.net\/wordpress\/wp-json\/wp\/v2\/tags?post=110"}],"curies":[{"name":"wp","href":"https:\/\/api.w.org\/{rel}","templated":true}]}}