{"id":358,"date":"2012-06-11T19:29:03","date_gmt":"2012-06-11T19:29:03","guid":{"rendered":"http:\/\/filderbahnhof.net\/wordpress\/?p=358"},"modified":"2012-06-12T20:38:38","modified_gmt":"2012-06-12T20:38:38","slug":"presseerklarung-vom-dialog-zum-monolog","status":"publish","type":"post","link":"http:\/\/filderbahnhof.net\/wordpress\/presseerklarung-vom-dialog-zum-monolog\/","title":{"rendered":"Presseerkl\u00e4rung: Vom Dialog zum Monolog"},"content":{"rendered":"<p>Nach der peinlichen Absage der ersten Sitzung des \u201eFilderdialogs\u201c entwickelt sich diese von der Bahn und Landesregierung angesto\u00dfene Veranstaltung immer mehr zur Farce. Jetzt meldet sich Reinhard K\u00f6nig vom \u201eB\u00fcndnis Filderbahnhof Vaihingen\u201c mit folgenden schwer wiegenden Kritikpunkten zu Wort:<\/p>\n<ul>\n<li>Wir d\u00fcrfen unseren Vorschlag in der Veranstaltung nicht selbst vortragen. Das schafft unn\u00f6tige Reibungsverluste und macht uns mundtot. Wir d\u00fcrfen unsere Variante nicht ausf\u00fchrlich erkl\u00e4ren.<\/li>\n<li>Der von uns geforderte Zeit- und Ablaufplan f\u00fcr die Arbeit im \u201eFilderdialog\u201c wurde bislang, 2 1\u20442 Wochen vor der ersten Sitzung, immer noch nicht vorgelegt. Damit werden die Teilnehmer \u00fcber die genaue Vorgehensweise bei der Veranstaltung v\u00f6llig im Dunkeln gelassen.<\/li>\n<li>Die eingebrachten Vorschl\u00e4ge sollen, wie aus Kreisen der Spurgruppe verlautet, nicht im Plenum, sondern lediglich in kleinen Gruppen diskutiert werden. Dies spricht der Idee eines \u00f6ffentlichen Dialogs Hohn.<\/li>\n<li>Eine vertiefte Debatte \u00fcber Vorschl\u00e4ge ist offensichtlich gar nicht vorgesehen \u2013 schon aus Zeitmangel. Von den ohnehin knapp bemessenen vier Sitzungen, die maximal in den Zeitplan der Bahn passen, ist bereits eine verloren.<\/li>\n<li>Wann und wie der vortragende Bahnexperte informiert werden soll, ist v\u00f6llig offen.<\/li>\n<\/ul>\n<p>\u201eWir haben viel Zeit und Arbeit in die Ausarbeitung unserer Vorschl\u00e4ge investiert\u201c, so Reinhard K\u00f6nig. \u201eWenn im so genannten Filderdialog nicht die Voraussetzungen geschaffen werden, dass diese vern\u00fcnftig der \u00d6ffentlichkeit pr\u00e4sentiert und diskutiert werden, beraubt sich die Bahn ihrer wertvollsten Ressource \u2013 der kreativen Mitarbeit der B\u00fcrger.\u201c<\/p>\n","protected":false},"excerpt":{"rendered":"<p>Nach der peinlichen Absage der ersten Sitzung des \u201eFilderdialogs\u201c entwickelt sich diese von der Bahn und Landesregierung angesto\u00dfene Veranstaltung immer mehr zur Farce. Jetzt meldet sich Reinhard K\u00f6nig vom \u201eB\u00fcndnis Filderbahnhof Vaihingen\u201c mit folgenden schwer wiegenden Kritikpunkten zu Wort: Wir &hellip; <a href=\"http:\/\/filderbahnhof.net\/wordpress\/presseerklarung-vom-dialog-zum-monolog\/\">Weiterlesen <span class=\"meta-nav\">&rarr;<\/span><\/a><\/p>\n","protected":false},"author":1,"featured_media":0,"comment_status":"closed","ping_status":"open","sticky":false,"template":"","format":"standard","meta":[],"categories":[1],"tags":[],"_links":{"self":[{"href":"http:\/\/filderbahnhof.net\/wordpress\/wp-json\/wp\/v2\/posts\/358"}],"collection":[{"href":"http:\/\/filderbahnhof.net\/wordpress\/wp-json\/wp\/v2\/posts"}],"about":[{"href":"http:\/\/filderbahnhof.net\/wordpress\/wp-json\/wp\/v2\/types\/post"}],"author":[{"embeddable":true,"href":"http:\/\/filderbahnhof.net\/wordpress\/wp-json\/wp\/v2\/users\/1"}],"replies":[{"embeddable":true,"href":"http:\/\/filderbahnhof.net\/wordpress\/wp-json\/wp\/v2\/comments?post=358"}],"version-history":[{"count":4,"href":"http:\/\/filderbahnhof.net\/wordpress\/wp-json\/wp\/v2\/posts\/358\/revisions"}],"predecessor-version":[{"id":363,"href":"http:\/\/filderbahnhof.net\/wordpress\/wp-json\/wp\/v2\/posts\/358\/revisions\/363"}],"wp:attachment":[{"href":"http:\/\/filderbahnhof.net\/wordpress\/wp-json\/wp\/v2\/media?parent=358"}],"wp:term":[{"taxonomy":"category","embeddable":true,"href":"http:\/\/filderbahnhof.net\/wordpress\/wp-json\/wp\/v2\/categories?post=358"},{"taxonomy":"post_tag","embeddable":true,"href":"http:\/\/filderbahnhof.net\/wordpress\/wp-json\/wp\/v2\/tags?post=358"}],"curies":[{"name":"wp","href":"https:\/\/api.w.org\/{rel}","templated":true}]}}