{"id":409,"date":"2012-07-23T17:06:36","date_gmt":"2012-07-23T17:06:36","guid":{"rendered":"http:\/\/filderbahnhof.net\/wordpress\/?p=409"},"modified":"2012-07-23T17:07:44","modified_gmt":"2012-07-23T17:07:44","slug":"rede-auf-der-montagsdemo","status":"publish","type":"post","link":"http:\/\/filderbahnhof.net\/wordpress\/rede-auf-der-montagsdemo\/","title":{"rendered":"Rede auf der Montagsdemo"},"content":{"rendered":"<p><em>Am Montag, den 23.07.2012 hatte Dr. J\u00fcrgen Franke vom B\u00fcndnis Filderbahnhof Vaihingen auf dem Markplatz in Stuttgart die Gelegenheit das Konzept Filderbahnhof Vaihingen vorzustellen.<\/em><\/p>\n<p><strong>Redemanuskript <\/strong><br \/>\nLiebe Freunde eines zukunftsf\u00e4higen Bahnverkehrs in Stuttgart,<\/p>\n<p>im Filderdialog war die G\u00e4ubahnvariante, also Halt der Fernz\u00fcge in Vaihingen mit Umstieg auf die S-Bahn Richtung Flughafen, mit 63 zu 44 Stimmen eindeutiger Favorit. Die Projektpartner von Stuttgart 21 wollen trotzdem den Halt am Flughafen, wof\u00fcr sie als einziges Argument ihre alten Vertr\u00e4ge mit der &#8222;Flughafenpr\u00e4misse&#8220; vorbringen. Das ist unhaltbar, wenn man den wirklichen Bedarf analysiert.<\/p>\n<p>Eine Institution, die die Verkehrsbed\u00fcrfnisse in Stuttgart und Umgebung regelm\u00e4\u00dfig einsch\u00e4tzt, ist der Verkehrsverbund VVS. Die Ergebnisse dieser Einsch\u00e4tzung k\u00f6nnen Sie alle in Form eines dicken Fahrplanbuchs kaufen, beziehungsweise im Internet abrufen.<\/p>\n<p>Wenn Sie schon <a href=\"http:\/\/filderbahnhof.net\/wordpress\/wp-content\/uploads\/Filderbahnhof-Flyer_Monitor1.pdfhttp:\/\/\" target=\"_blank\">unseren neuen Flyer<\/a> in der Hand haben, k\u00f6nnen Sie sich die Grafiken auf der ersten und zweiten Seite ansehen. Wenn nicht, dann k\u00f6nnen Sie nachher am K21-Infostand oder in der N\u00e4he des gro\u00dfen &#8222;Oben Bleiben&#8220;-Banners der Vaihinger f\u00fcr den Kopfbahnhof unseren Flyer bekommen.<\/p>\n<p>Das Ergebnis der Fahrplanauswertung zeigt, dass am Bahnhof Stuttgart-Vaihingen 6 Bus-, 4 Stadtbahn- und 3 S-Bahn-Linien verkehren. Am Flughafen sind es nur 3 Buslinien, keine Stadtbahn und 2 S-Bahn-Linien<\/p>\n<p>Angeboten werden mit diesen Linien jeden Werktag:<\/p>\n<p>Am Vaihinger Bahnhof 1033 Abfahrten zu 17 Fahrtzielen.<br \/>\nAm Flughafen nur 187 Abfahrten zu 7 Fahrtzielen.<\/p>\n<p>Zur Wiederholung: 1033 werkt\u00e4gliche Abfahrten in Vaihingen, aber nur 187 am Flughafen, also nicht mal ein F\u00fcnftel.<\/p>\n<p>Wenn Sie sich jetzt das Gebiet ansehen, dass durch dieses Verkehrsangebot erschlossen wird, stellen Sie fest:<br \/>\ninnerhalb von 15 Minuten einer \u00d6PNV-Fahrt, also mit Bus, Stadtbahn oder der S-Bahn, kommen Sie von Vaihingen aus, ohne umzusteigen, fl\u00e4chendeckend und nicht nur punktuell, in den gesamten Stadtbezirk Vaihingen.<br \/>\nSie kommen nach M\u00f6hringen, Degerloch, Plienigen, in den Stuttgarter Westen, nach Heslach, in die Stadtmitte, nach Sindelfingen, B\u00f6blingen, Hulb und Ehningen, nach Oberaichen, Musberg, Leinfelden, Echterdingen und eben auch an den Flughafen.<\/p>\n<p>Wenn Sie die gleiche Betrachtung f\u00fcr einen Halt am Flughafen machen, dann erreichen Sie nur: Bernhausen, Plieningen und Scharnhausen, Echterdingen, Leinfelden, Oberaichen und Vaihingen.<\/p>\n<p>Prinzipiell kann man heute vom Flughafen mit dem Bus auch ins Gewerbegebiet Fasanenhof-Ost fahren, aber nur 6 mal am Tag. Wenn Sie da den Bus verpassen, gehen Sie lieber zu Fu\u00df.<br \/>\nVom Vaihinger Bahnhof aus f\u00e4hrt der Bus beispielsweise 100 mal am Tag zum Max-Planck-Institut nach B\u00fcsnau.<\/p>\n<p>Nach Plieningen k\u00f6nnen Sie ab Flughafen 34 mal mit dem Bus, ab Vaihingen dagegen 108 mal mit der Stadtbahn fahren.<\/p>\n<p>Also auch die Anzahl der Fahrten pro Tag geh\u00f6rt noch mit zu der Betrachtung.<\/p>\n<p>Sie sehen, es gibt nur einen wirklich guten, leistungsf\u00e4higen, bereits jetzt bestehenden Umsteigeknoten auf den Fildern &#8211; den Bahnhof Vaihingen &#8211; und genau der mu\u00df der k\u00fcnftige Filderbahnhof mit Regionalexpress- und Intercityhalt sein. Der Flughafen ist demgegen\u00fcber v\u00f6llig unbedeutend. Seine S-Bahn-Haltestelle ist eine unter vielen und alles andere, als ein Verkehrsknoten. Der Flughafen mit Messe ist nur ein kleines Gewerbegebiet mit vergleichsweise wenigen Arbeitspl\u00e4tzen und es wohnt dort niemand. Vaihingen hat 46000 Einwohner und 50000 Arbeitspl\u00e4tze. Und genau das spiegelt der VVS mit seinen Fahrpl\u00e4nen wieder.<\/p>\n<p>Jetzt kommen weitere Aspekte hinzu:<\/p>\n<p>Der Mischverkehr in Leinfelden-Echterdingen muss vermieden werden. Die praktisch unbezahlbare Autobahntrasse an der A8 zwischen Rohr und Flughafen ist keine L\u00f6sung. Wer daf\u00fcr ist, wartet bis zum Sankt Nimmerleinstag auf einen wundersamen Geldregen, der auf Leinfelden-Echterdingen herniederrieselt und hofft, dass sich dann die Kommune von dem st\u00f6renden Mischverkehr freikauft.<\/p>\n<p>Die einzige realistische und preiswerteste L\u00f6sung lautet &#8211; richtig: Filderbahnhof Vaihingen.<\/p>\n<p>In Vaihingen fehlt nur ein Bahnsteig. Den muss man eben dort hinbauen. Die Strecke ist vorhanden, die Anbindung an den Kopfbahnhof in Stuttgart ist vorhanden. Die Anbindung an den Tiefbahnhof, falls der je fertig werden sollte, war als &#8222;Stuttgart 21 plus&#8220; von allen Projektpartnern Ende 2010 zugesagt worden.<br \/>\nDazu kommt \u00fcbrigens noch, dass der Bahnsteig in Vaihingen als Provisorium kurz vor der Inbetriebnahme von S21 sowieso gebaut werden soll.<br \/>\nAlso warum nicht gleich und warum nicht gleich richtig?<\/p>\n<p>Am Flughafen m\u00fcsste f\u00fcr viel Geld ein neuer Regionalhalt unterirdisch gebaut werden und dazu noch die Rohrer Kurve, f\u00fcr die wir Vaihinger unseren Wald nicht hergeben wollen.<\/p>\n<p>Zum Thema Geld will ich es mal, in Anlehnung an eine allseits bekannte Werbekampagne, so sagen: Es stimmt, dass Millionen Euro f\u00fcr Werbung zum Sch\u00f6nreden von Stuttgart 21 ausgegeben wurden, es stimmt aber auch, dass mit so viel Geld der Bahnsteig in Vaihingen h\u00e4tte bezahlt werden k\u00f6nnen.<\/p>\n<p>Der Regionalzug- und Intercityhalt in Stuttgart-Vaihingen kann n\u00e4chstes Jahr gebaut und \u00fcbern\u00e4chstes Jahr schon genutzt werden. Der entsprechende Halt am Flughafen kann erst mit der vollst\u00e4ndigen Fertigstellung von Stuttgart 21 in Betrieb gehen. Da haben wir dann vielleicht das Jahr 2025.<\/p>\n<p>Kurz zusammengefasst, es spricht alles f\u00fcr den Filderbahnhof Vaihingen:<\/p>\n<ul>\n<li>Mehrheit im Filderdialog<\/li>\n<li>1033 zu 187 Abfahrten im heutigen VVS-Fahrplan<\/li>\n<li>4 Gleise in Vaihingen gegen 2 Gleise zum Flughafen<\/li>\n<li>2 Jahre statt \u00fcber 10 Jahre Bauzeit<\/li>\n<li>viel niedrigere Kosten<\/li>\n<\/ul>\n<p>Obwohl der Filderbahnhof Vaihingen mit allen im Filderdialog diskutierten S21-Flughafen-Bahnhofs-Varianten funktioniert, wird er mit der schon seit vielen Jahren bekannten Arroganz, Ignoranz und Verbohrtheit von den Projektbetreibern ohne weiteres Nachdenken einfach vom Tisch gewischt.<\/p>\n<p>Lieber Herr Kretschmann, was halten Sie eigentlich in dieser Situation von einem Machtwort des Ministerpr\u00e4sidenten? Etwa in dem Sinn, dass Ihre Projektpartner so mit engagierten B\u00fcrgern nicht umgehen d\u00fcrfen und dass die G\u00e4ubahnvariante entsprechend dem Votum des Filderdialogs nun umzusetzen ist.<\/p>\n<p>Ich m\u00f6chte Sie zum Schlu\u00df noch auf unsere unsere Internetseite hinweisen. Sie finden weitere Informationen unter:<br \/>\n<a href=\"http:\/\/ www.filderbahnhof.net\" target=\"_blank\"><br \/>\nwww.filderbahnhof.net<\/a><\/p>\n<p>Und wenn Sie uns unterst\u00fctzen wollen, unterzeichnen Sie dort bitte die Forderung f\u00fcr den Filderbahnhof Vaihingen.<\/p>\n<p>In diesem Sinne, sowohl hier am Hauptbahnhof, als auch am zuk\u00fcnftigen Filderbahnhof: OBEN BLEIBEN!<\/p>\n","protected":false},"excerpt":{"rendered":"<p>Am Montag, den 23.07.2012 hatte Dr. J\u00fcrgen Franke vom B\u00fcndnis Filderbahnhof Vaihingen auf dem Markplatz in Stuttgart die Gelegenheit das Konzept Filderbahnhof Vaihingen vorzustellen. Redemanuskript Liebe Freunde eines zukunftsf\u00e4higen Bahnverkehrs in Stuttgart, im Filderdialog war die G\u00e4ubahnvariante, also Halt der &hellip; <a href=\"http:\/\/filderbahnhof.net\/wordpress\/rede-auf-der-montagsdemo\/\">Weiterlesen <span class=\"meta-nav\">&rarr;<\/span><\/a><\/p>\n","protected":false},"author":1,"featured_media":0,"comment_status":"closed","ping_status":"open","sticky":false,"template":"","format":"standard","meta":[],"categories":[1],"tags":[],"_links":{"self":[{"href":"http:\/\/filderbahnhof.net\/wordpress\/wp-json\/wp\/v2\/posts\/409"}],"collection":[{"href":"http:\/\/filderbahnhof.net\/wordpress\/wp-json\/wp\/v2\/posts"}],"about":[{"href":"http:\/\/filderbahnhof.net\/wordpress\/wp-json\/wp\/v2\/types\/post"}],"author":[{"embeddable":true,"href":"http:\/\/filderbahnhof.net\/wordpress\/wp-json\/wp\/v2\/users\/1"}],"replies":[{"embeddable":true,"href":"http:\/\/filderbahnhof.net\/wordpress\/wp-json\/wp\/v2\/comments?post=409"}],"version-history":[{"count":5,"href":"http:\/\/filderbahnhof.net\/wordpress\/wp-json\/wp\/v2\/posts\/409\/revisions"}],"predecessor-version":[{"id":414,"href":"http:\/\/filderbahnhof.net\/wordpress\/wp-json\/wp\/v2\/posts\/409\/revisions\/414"}],"wp:attachment":[{"href":"http:\/\/filderbahnhof.net\/wordpress\/wp-json\/wp\/v2\/media?parent=409"}],"wp:term":[{"taxonomy":"category","embeddable":true,"href":"http:\/\/filderbahnhof.net\/wordpress\/wp-json\/wp\/v2\/categories?post=409"},{"taxonomy":"post_tag","embeddable":true,"href":"http:\/\/filderbahnhof.net\/wordpress\/wp-json\/wp\/v2\/tags?post=409"}],"curies":[{"name":"wp","href":"https:\/\/api.w.org\/{rel}","templated":true}]}}