{"id":435,"date":"2012-11-30T23:16:31","date_gmt":"2012-11-30T23:16:31","guid":{"rendered":"http:\/\/filderbahnhof.net\/wordpress\/?p=435"},"modified":"2012-11-30T23:42:38","modified_gmt":"2012-11-30T23:42:38","slug":"presseerklarung-zum-regionalbahnhalt-in-s-vaihingen","status":"publish","type":"post","link":"http:\/\/filderbahnhof.net\/wordpress\/presseerklarung-zum-regionalbahnhalt-in-s-vaihingen\/","title":{"rendered":"Presseerkl\u00e4rung zum Regionalbahnhalt in S-Vaihingen"},"content":{"rendered":"<p>Das B\u00fcndnis Filderbahnhof Vaihingen (1) hat das Dokument (2) der Bahn zum Lenkungskreistreffen S21, das am 22.10.2012 stattfand, intensiv besprochen und nimmt jetzt dazu Stellung. Die Kurzfassung lautet: Die zwei neuen Bahnsteige sollen nun gebaut werden und die Einwohner m\u00f6chten die Planung begleiten.<\/p>\n<p>Das Lenkungskreis-Dokument resultiert aus dem Filderdialog, der viel diskutiert wurde. F\u00fcr uns geht in der gegenw\u00e4rtigen Debatte jedoch ein wichtiger Punkt ganz unter. Es ist der Punkt sechs, den die Projekttr\u00e4ger als Ergebnis des Filderdialogs festgestellt hatten. Demnach sollte die DB AG das Vorziehen des provisorischen Halts des Regional-Express (RE) in Stuttgart-Vaihingen untersuchen. Das Ergebnis steht jetzt in Kapitel 4 ab Seite 21 dieses Dokuments (2). Es sind 3 Folien zum Thema<br \/>\nBahnhof Vaihingen, siehe Bild (3).<\/p>\n<p><a href=\"http:\/\/filderbahnhof.net\/wordpress\/wp-content\/uploads\/lk_folie23.png\"><img loading=\"lazy\" src=\"http:\/\/filderbahnhof.net\/wordpress\/wp-content\/uploads\/lk_folie23.png\" alt=\"\" title=\"lk_folie23\" width=\"606\" height=\"450\" class=\"alignnone size-full wp-image-444\" srcset=\"http:\/\/filderbahnhof.net\/wordpress\/wp-content\/uploads\/lk_folie23.png 606w, http:\/\/filderbahnhof.net\/wordpress\/wp-content\/uploads\/lk_folie23-300x222.png 300w, http:\/\/filderbahnhof.net\/wordpress\/wp-content\/uploads\/lk_folie23-404x300.png 404w\" sizes=\"(max-width: 606px) 100vw, 606px\" \/><\/a><br \/>\n<em>Bild 3<\/em> &#8211; Quelle: Lenkungskreis-Dokument<\/p>\n<p>Am Ende lautet deren Kernaussage, Zitat: &#8222;Die Bahnsteige an Gleis 4 und 1 sind barrierefrei und in massiver Bauweise zu erstellen&#8220;.<br \/>\nDas ist sehr deutlich und es bleibt eigentlich nur noch der Termin offen, bis wann die Bahnsteige fertig werden.<\/p>\n<p>Die Bahn schl\u00e4gt hier zwei Varianten vor. Die erste Variante in Holzbauweise ist keiner Erw\u00e4hnung wert. Die zweite finden wir gut und ausbauf\u00e4hig, obwohl wir uns zun\u00e4chst eine andere Anordnung der Bahnsteige vorgestellt hatten. Die Bahn rechnet mit einer Nutzungsdauer von voraussichtlich acht Jahren. Wegen der bekannten Schwierigkeiten von S21 wird die Nutzung aber mit gro\u00dfer Wahrscheinlichkeit deutlich l\u00e4nger sein.<\/p>\n<p>Dass die S1 nach wie vor an Gleis 1 h\u00e4lt, ist gut f\u00fcr das Umsteigen zu U-Bahnen und Bussen. Der RE Richtung B\u00f6blingen h\u00e4lt auch am Gleis 1, nur etwas nach Rohr versetzt. Der Bahnsteig ist um 20 cm tiefer als der f\u00fcr die S1 und befindet sich neben dem Park- und Ride-Parkplatz. Dadurch wirkt der Bahnhof sehr ausgedehnt, was Vor- und -Nachteile gleicherma\u00dfen hat.<\/p>\n<p>Der neue Bahnsteig f\u00fcr den RE in Richtung Stuttgart ist an Gleis 4, wo heute der RE ohne Halt durchf\u00e4hrt. Der Bahnsteig wird \u00fcber das Abstellgleis gebaut, das dadurch unterbrochen und gek\u00fcrzt wird. Er ist auch 20 cm tiefer als die S-Bahnsteige, steht aber allein. \u00dcber die genaue Lage wird noch diskutiert, in unseren beiden Bildern (4) und (5) ist seine Position deshalb als Anregung gedacht.<\/p>\n<p><a href=\"http:\/\/filderbahnhof.net\/wordpress\/wp-content\/uploads\/variante_mit_rampe.png\"><img loading=\"lazy\" src=\"http:\/\/filderbahnhof.net\/wordpress\/wp-content\/uploads\/variante_mit_rampe.png\" alt=\"\" title=\"variante_mit_rampe\" width=\"601\" height=\"271\" class=\"alignnone size-full wp-image-445\" srcset=\"http:\/\/filderbahnhof.net\/wordpress\/wp-content\/uploads\/variante_mit_rampe.png 601w, http:\/\/filderbahnhof.net\/wordpress\/wp-content\/uploads\/variante_mit_rampe-300x135.png 300w, http:\/\/filderbahnhof.net\/wordpress\/wp-content\/uploads\/variante_mit_rampe-500x225.png 500w\" sizes=\"(max-width: 601px) 100vw, 601px\" \/><\/a><br \/>\n<em>Bild 4 &#8211; Variante mit Rampe<\/em><\/p>\n<p><a href=\"http:\/\/filderbahnhof.net\/wordpress\/wp-content\/uploads\/biss.png\"><img loading=\"lazy\" class=\"alignnone  wp-image-438\" title=\"biss\" src=\"http:\/\/filderbahnhof.net\/wordpress\/wp-content\/uploads\/biss.png\" alt=\"\" width=\"724\" height=\"525\" srcset=\"http:\/\/filderbahnhof.net\/wordpress\/wp-content\/uploads\/biss.png 724w, http:\/\/filderbahnhof.net\/wordpress\/wp-content\/uploads\/biss-300x217.png 300w, http:\/\/filderbahnhof.net\/wordpress\/wp-content\/uploads\/biss-413x300.png 413w\" sizes=\"(max-width: 724px) 100vw, 724px\" \/><\/a><br \/>\n<em>Bild 5 &#8211; \u00a0Bild aus <a href=\"http:\/\/www.biss21.de\" target=\"_blank\">www.biss21.de<\/a> mit den neuen Elementen<\/em><\/p>\n<p>Es gibt die 3 Positionen von der Unterf\u00fchrung aus gesehen:<\/p>\n<p>a) nur in Richtung Rohr, wie es die Bahn geplant hat.<br \/>\nb) nur in Richtung Stuttgart, so wie die heutigen Bahnsteige liegen.<br \/>\nc) oder in beide Richtungen.<br \/>\nWir m\u00f6chten auf jeden Fall einen Zugang zur n\u00f6rdlichen Unterf\u00fchrung, das hei\u00dft er muss in Richtung Stuttgart gehen. Am Nordost-Ende entsteht dann aber ein Engpass, der sich nur durch zus\u00e4tzliche Gleisfl\u00e4chen l\u00f6sen l\u00e4sst, was ein Konfliktpunkt mit den Absichten von aurelis real estate darstellt. Mit mehr Platz am Nordost-Ende kann auch das \u00f6stliche Stumpfgleis wieder nach Norden durchg\u00e4ngig werden. Gut funktionieren kann auch eine ungef\u00e4hr mittige Anordnung wie in c), dann sind nat\u00fcrlich<br \/>\nzwei Aufg\u00e4nge n\u00f6tig.<\/p>\n<p>Die geplante Bahnsteigl\u00e4nge von 170 m ist sicher noch verl\u00e4ngerbar. Aktuell ist die L\u00e4nge nicht nur f\u00fcr den RE gut, sondern auch f\u00fcr ICs mit 6 Wagen. Der heutige IC f\u00e4hrt mit 5 Wagen. F\u00fcr die Flughafenanbindung ist auch ein IC-Halt hier absolut sinnvoll.<\/p>\n<p>Deutlich anders als bisher w\u00fcrden wir die Barrierefreiheit sicherstellen. Mit Aufz\u00fcgen wird sie wegen den bekannten Ausf\u00e4llen gar nicht erreicht. Viel sinnvoller ist eine Rampe, die ohne Wartung immer funktioniert. Sie kann neben der Treppe in der Unterf\u00fchrung starten und mit einer S-Kurve oben am Bahnsteig ankommen, ca. 65 m hinter der Treppe. Oder sie kann wie in T\u00fcbingen mit einer U-Kurve hoch gef\u00fchrt werden. Dann wird es wahrscheinlich etwas enger.<\/p>\n<p>Die \u00fcberschaubaren Kosten von ca. 3 Mio. \u20ac sollten nach unseren \u00dcberlegungen im Wesentlichen aus den Regionalisierungsmitteln gezahlt werden. Wir w\u00fcnschen uns, dass das Land als Besteller t\u00e4tig wird.<\/p>\n<p><strong>Referenzen<\/strong><\/p>\n<ol>\n<li>B\u00fcndnis Filderbahnhof Vaihingen www.filderbahnhof.net .<br \/>\nIn dem B\u00fcndnis haben sich seit Mai 2011 fast tausend Menschen und viele Vereine und Organisationen zusammengeschlossen, die sich mit dem Ausbau des Bahnhofs in Stuttgart-Vaihingen besch\u00e4ftigen. Wir w\u00fcnschen uns eine Verbesserung des Schienenverkehrs als gute und \u00f6kologische Alternative zum Autoverkehr. Wir sind Teil der &#8222;Initiative pro G\u00e4ubahn&#8220;, die zwischen Stuttgart und Konstanz f\u00fcr den Erhalt und Ausbau der Strecke wirbt.<\/li>\n<li>Lenkungskreis-Dokument<br \/>\n<a href=\"http:\/\/www.bahnprojekt-stuttgart-ulm.de\/?id=272&amp;tx_smediamediathek_pi1%5Bmedium%5D=405&amp;L=1&amp;cHash=ff8752458cd027a8c07e0fba0054dacf\">http:\/\/www.bahnprojekt-stuttgart-ulm.de\/?id=272&amp;tx_smediamediathek_pi1%5Bmedium%5D=405&amp;L=1&amp;cHash=ff8752458cd027a8c07e0fba0054dacf<\/a><br \/>\ndann auf Digitales Magazin Siehe Seite 21, 22, 23<\/li>\n<\/ol>\n","protected":false},"excerpt":{"rendered":"<p>Das B\u00fcndnis Filderbahnhof Vaihingen (1) hat das Dokument (2) der Bahn zum Lenkungskreistreffen S21, das am 22.10.2012 stattfand, intensiv besprochen und nimmt jetzt dazu Stellung. Die Kurzfassung lautet: Die zwei neuen Bahnsteige sollen nun gebaut werden und die Einwohner m\u00f6chten &hellip; <a href=\"http:\/\/filderbahnhof.net\/wordpress\/presseerklarung-zum-regionalbahnhalt-in-s-vaihingen\/\">Weiterlesen <span class=\"meta-nav\">&rarr;<\/span><\/a><\/p>\n","protected":false},"author":1,"featured_media":0,"comment_status":"closed","ping_status":"open","sticky":false,"template":"","format":"standard","meta":[],"categories":[1],"tags":[],"_links":{"self":[{"href":"http:\/\/filderbahnhof.net\/wordpress\/wp-json\/wp\/v2\/posts\/435"}],"collection":[{"href":"http:\/\/filderbahnhof.net\/wordpress\/wp-json\/wp\/v2\/posts"}],"about":[{"href":"http:\/\/filderbahnhof.net\/wordpress\/wp-json\/wp\/v2\/types\/post"}],"author":[{"embeddable":true,"href":"http:\/\/filderbahnhof.net\/wordpress\/wp-json\/wp\/v2\/users\/1"}],"replies":[{"embeddable":true,"href":"http:\/\/filderbahnhof.net\/wordpress\/wp-json\/wp\/v2\/comments?post=435"}],"version-history":[{"count":9,"href":"http:\/\/filderbahnhof.net\/wordpress\/wp-json\/wp\/v2\/posts\/435\/revisions"}],"predecessor-version":[{"id":449,"href":"http:\/\/filderbahnhof.net\/wordpress\/wp-json\/wp\/v2\/posts\/435\/revisions\/449"}],"wp:attachment":[{"href":"http:\/\/filderbahnhof.net\/wordpress\/wp-json\/wp\/v2\/media?parent=435"}],"wp:term":[{"taxonomy":"category","embeddable":true,"href":"http:\/\/filderbahnhof.net\/wordpress\/wp-json\/wp\/v2\/categories?post=435"},{"taxonomy":"post_tag","embeddable":true,"href":"http:\/\/filderbahnhof.net\/wordpress\/wp-json\/wp\/v2\/tags?post=435"}],"curies":[{"name":"wp","href":"https:\/\/api.w.org\/{rel}","templated":true}]}}